{"id":869,"date":"2023-02-27T22:33:17","date_gmt":"2023-02-27T21:33:17","guid":{"rendered":"https:\/\/www.naturesaran.fr\/?p=869"},"modified":"2023-02-27T22:38:08","modified_gmt":"2023-02-27T21:38:08","slug":"les-plantes-melliferes","status":"publish","type":"post","link":"https:\/\/www.naturesaran.fr\/index.php\/2023\/02\/27\/les-plantes-melliferes\/","title":{"rendered":"Les plantes mellif\u00e8res"},"content":{"rendered":"\n<p class=\"has-text-align-justify\">Avec la baisse catastrophique des populations d&rsquo;abeilles dans nos campagnes, il est de plus en plus utile de les pr\u00e9server en leur offrant des territoires prot\u00e9g\u00e9s o\u00f9 elles peuvent se nourrir avec les&nbsp;<strong>plantes mellif\u00e8res<\/strong>. Ces espaces sont de plus en plus ceux des jardins de particuliers, des balcons et des toitures v\u00e9g\u00e9talis\u00e9es en ville. Sans oublier les prairies et les bois\u2026. Les plantes mellif\u00e8res qui y poussent sont des refuges pour les abeilles, \u00e0 condition de ne pas utiliser de traitements insecticides sur ces plantes. Voyons comment cultiver la plante mellif\u00e8re tout en respectant l&rsquo;environnement.<\/p>\n\n\n\n<p><strong>Sommaire :<\/strong><\/p>\n\n\n\n<ul class=\"wp-block-list\">\n<li><a href=\"#Qu'est-ce-qu'une-plante-mellif\u00e8re-?\">Qu&rsquo;est-ce qu&rsquo;une plante mellif\u00e8re&nbsp;?<\/a><\/li>\n\n\n\n<li><a href=\"http:\/\/Quelles-sont-les-principales-plantes-mellif\u00e8res-?\">Quelles sont les principales plantes mellif\u00e8res&nbsp;?<\/a><\/li>\n\n\n\n<li><a href=\"#Comment-cultiver-les-plantes-mellif\u00e8res-?\">Comment cultiver les plantes mellif\u00e8res&nbsp;?<\/a><\/li>\n\n\n\n<li><a href=\"#O\u00f9-cultiver-des-mellif\u00e8res-?\">O\u00f9 cultiver des plantes mellif\u00e8res&nbsp;?<\/a><\/li>\n<\/ul>\n\n\n\n<h3 class=\"has-text-align-center has-text-color wp-block-heading\" id=\"Qu'est-ce-qu'une-plante-mellif\u00e8re-?\" style=\"color:#94b722\">Qu&rsquo;est-ce qu&rsquo;une plante mellif\u00e8re ?<\/h3>\n\n\n\n<p class=\"has-text-align-justify\">Une plante mellif\u00e8re attire les abeilles et insectes butineurs parce que ses fleurs contiennent du nectar (liquide sucr\u00e9 pr\u00e9sent au c\u0153ur de la fleur) et du pollen en quantit\u00e9 pour assurer la nourriture et la reproduction de ces insectes.<\/p>\n\n\n\n<p class=\"has-text-align-justify\">Les abeilles transforment le nectar en miel, et se servent du pollen pour constituer la gel\u00e9e royale. Nectar et pollen servent aussi \u00e0 nourrir les abeilles et insectes butineurs comme les papillons, gu\u00eapes solitaires, syrphes, bourdons\u2026\u2026<\/p>\n\n\n\n<p class=\"has-background has-medium-font-size\" style=\"background:linear-gradient(234deg,rgb(202,248,128) 0%,rgb(113,206,126) 100%)\"><strong>Bon \u00e0 savoir&nbsp;<\/strong>: l&rsquo;adjectif \u00ab&nbsp;mellif\u00e8re&nbsp;\u00bb, caract\u00e9risant ce type de plantes, est d\u00e9riv\u00e9 du mot \u00ab&nbsp;miel&nbsp;\u00bb.<\/p>\n\n\n\n<p class=\"has-text-align-justify\">Les plantes mellif\u00e8res sont importantes pour la pr\u00e9servation de cette faune utile qui, en cherchant nectar et pollen, visite de nombreuses fleurs et favorise ainsi la&nbsp;pollinisation. Cette pollinisation est directement li\u00e9e \u00e0 la reproduction des plantes, donc \u00e9galement \u00e0 la production des fruits et des l\u00e9gumes que nous mangeons. Le&nbsp;miel&nbsp;fabriqu\u00e9 par les abeilles est \u00e9galement une ressource naturelle utile \u00e0 pr\u00e9server.<\/p>\n\n\n\n<h3 class=\"has-text-align-center has-text-color wp-block-heading\" id=\"Quelles-sont-les-principales-plantes-mellif\u00e8res-?\" style=\"color:#94b722\">Quelles sont les principales plantes mellif\u00e8res ?<\/h3>\n\n\n\n<p class=\"has-text-align-justify\">Parmi les plantes qui attirent le plus les abeilles, on peut privil\u00e9gier celles qui servent \u00e0 l&rsquo;ornement des jardins (annuelles, vivaces, arbustes, arbres), s&rsquo;int\u00e8grent dans les&nbsp;haies&nbsp;(arbustes indig\u00e8nes ou d&rsquo;ornement) et au potager (engrais verts, fruitiers, aromatiques).<\/p>\n\n\n\n<p>Voici les plantes mellif\u00e8res que vous pouvez cultiver&nbsp;:<\/p>\n\n\n\n<ul class=\"wp-block-list\">\n<li><strong>les&nbsp;annuelles&nbsp;:<\/strong> bleuet, bourrache, tournesol, zinnia, h\u00e9liothrope, god\u00e9tia, clarkia, cosmos, pavot de Californie, myosotis, nigelle, limnanthes, monnaie du pape, pois de senteur&nbsp;;<\/li>\n\n\n\n<li><strong>les&nbsp;vivaces&nbsp;:<\/strong> achill\u00e9e, scabieuse, \u00e9chinac\u00e9e, n\u00e9p\u00e9ta, \u00e9chinops, aconit, agapanthe, pieds d&rsquo;alouette, digitale, verveine, sauges, mauves, asters, rose&nbsp;tr\u00e9mi\u00e8re, marguerite, gaillarde, cimicifuga, sedum,&nbsp;ail d&rsquo;ornement, campanule, \u00e9rig\u00e9ron des murailles, val\u00e9riane, filipendule, gypsophile, monarde, lychnis&nbsp;;<\/li>\n\n\n\n<li><strong>les bonnes herbes et&nbsp;aromates&nbsp;en fleurs&nbsp;:<\/strong> agastache, hysope, menthe, thym, sauge, fenouil, aneth, marjolaine, ciboulette&nbsp;;<\/li>\n\n\n\n<li><strong>les&nbsp;engrais verts&nbsp;et semis pour&nbsp;prairie fleurie&nbsp;:<\/strong> phac\u00e9lie, tr\u00e8fles, sarrasin, m\u00e9lilot&nbsp;;<\/li>\n\n\n\n<li><strong>les&nbsp;arbustes&nbsp;: <\/strong>bruy\u00e8res, coton\u00e9asters, p\u00e9rovskia, c\u00e9anothe, caryopteris, romarin, lavande, lavat\u00e8re, oranger du Mexique (choisya), \u00e9l\u00e9agnus, lilas, ab\u00e9lia, buis, gen\u00eat, lantana, sureau, aub\u00e9pine, am\u00e9lanchier, mahonia, berb\u00e9ris, prunellier, if, viorne, tro\u00e8ne, seringat, saule, h\u00e9lianth\u00e8me hibiscus, laurier sauce et laurier-cerise, rosiers&nbsp;;<\/li>\n\n\n\n<li><strong>les&nbsp;grimpantes&nbsp;:<\/strong> glycine, cl\u00e9matite, jasmin, ch\u00e8vrefeuille, lierre&nbsp;;<\/li>\n\n\n\n<li><strong>les&nbsp;arbres fruitiers&nbsp;:<\/strong> cerisier, pommier, prunier, cassissier, groseillier, framboisier&nbsp;;<\/li>\n\n\n\n<li><strong>les&nbsp;arbres&nbsp;<\/strong>: albizia, aulne glutineux, bouleau verruqueux, arbre de Jud\u00e9e, savonnier, tilleul, acacia, robinier.<\/li>\n<\/ul>\n\n\n\n<p class=\"has-background has-medium-font-size\" style=\"background:linear-gradient(237deg,rgb(202,248,128) 0%,rgb(113,206,126) 100%)\"><strong>Bon \u00e0 savoir&nbsp;<\/strong>: le&nbsp;buddleia, appel\u00e9 \u00ab&nbsp;arbre \u00e0 papillons&nbsp;\u00bb, attire les papillons et les abeilles, mais il est class\u00e9 plante invasive sur notre territoire. Il est donc d\u00e9conseill\u00e9 de le planter, car il colonise rapidement les terrains, \u00e9touffe la v\u00e9g\u00e9tation en place et prend la place de nombreuses autres esp\u00e8ces mellif\u00e8res, ce qui pose un probl\u00e8me au niveau de la biodiversit\u00e9. Car le plus important pour attirer les insectes pollinisateurs est de cultiver une grande diversit\u00e9 d&rsquo;esp\u00e8ces mellif\u00e8res qui assureront la fourniture de pollen pendant toute la saison de v\u00e9g\u00e9tation.<\/p>\n\n\n\n<h2 class=\"has-text-align-center has-text-color wp-block-heading\" id=\"Comment-cultiver-les-plantes-mellif\u00e8res-?\" style=\"color:#94b722\">Comment cultiver les plantes mellif\u00e8res ?<\/h2>\n\n\n\n<p class=\"has-text-align-justify\">Elles se cultivent comme toutes les autres plantes, selon la cat\u00e9gorie dans laquelle elles se trouvent&nbsp;:<\/p>\n\n\n\n<p class=\"has-text-align-center\">&nbsp;plantes annuelles, plantes vivaces, plantes arbustives, arbres.<\/p>\n\n\n\n<p class=\"has-text-align-justify\">Le plus important \u00e0 retenir pour leur culture, est de ne jamais les traiter quand elles sont en fleurs, ni par pulv\u00e9risation, ni par \u00e9pandage, avec des produits chimiques et des insecticides. En effet, ces produits contiennent des substances qui perturbent le cycle vital des abeilles, les font d\u00e9p\u00e9rir ou les emp\u00eachent de revenir \u00e0 la ruche en les d\u00e9sorientant.<\/p>\n\n\n\n<p class=\"has-text-align-justify\">Les&nbsp;<a href=\"https:\/\/jardinage.staging.ooreka.fr\/astuce\/voir\/539991\/insecticide-bio\">insecticides biologiques<\/a>&nbsp;employ\u00e9s pour le traitement des ravageurs au jardin sont \u00e9galement \u00e0 \u00e9viter, en particulier en p\u00e9riode de floraison, car ils ne sont pas s\u00e9lectifs, et ils \u00e9liminent aussi bien les insectes ravageurs que les insectes auxiliaires et les abeilles.<\/p>\n\n\n\n<p class=\"has-text-align-justify\">Si un traitement s&rsquo;av\u00e8re n\u00e9cessaire, sur un arbre fruitier par exemple, il faut le pr\u00e9voir hors de la p\u00e9riode de floraison, ou tr\u00e8s tard le soir, et pas sur les fleurs.<\/p>\n\n\n\n<p class=\"has-text-align-justify\">Il est donc int\u00e9ressant de mettre en place dans la mesure de ses possibilit\u00e9s une <a href=\"https:\/\/jardinage.ooreka.fr\/astuce\/voir\/311577\/lutte-biologique-au-jardin\" target=\"_blank\" rel=\"noreferrer noopener\">lutte biologique au jardin<\/a>.<\/p>\n\n\n\n<h2 class=\"has-text-align-center has-text-color wp-block-heading\" id=\"O\u00f9-cultiver-des-mellif\u00e8res-?\" style=\"color:#94b722\">O\u00f9 cultiver des mellif\u00e8res ?<\/h2>\n\n\n\n<p class=\"has-text-align-justify\">Le plein soleil leur est n\u00e9cessaire, car les floraisons sont plus abondantes \u00e0 cette exposition. De plus, les abeilles butinent en priorit\u00e9 les fleurs situ\u00e9es dans les zones ensoleill\u00e9es.<\/p>\n\n\n\n<p class=\"has-text-align-justify\">Comme on trouve des plantes mellif\u00e8res dans toutes les familles de plantes, aussi bien d\u00e9coratives que vivri\u00e8res, il est facile d&rsquo;en avoir au jardin ou sur le balcon. Le choix se fait en fonction de la place disponible.<\/p>\n\n\n\n<p class=\"has-text-align-justify\"><strong>Au potager,<\/strong>&nbsp;le fenouil et l&rsquo;aneth sont les meilleures mellif\u00e8res \u00e0 faire pousser dans un carr\u00e9 aromatique ou en bordure. La menthe, la sauge et le thym sont parmi les aromatiques pr\u00e9f\u00e9r\u00e9es des abeilles. Plantez aussi quelques arbres fruitiers en bordure du potager ou dans un petit verger qui jouxte le potager. Privil\u00e9giez les pommiers, cerisiers, pruniers, et petits fruits comme les framboisiers, groseilliers et cassissiers. En inter-culture, cultivez de la phac\u00e9lie et du tr\u00e8fle aux fleurs attractives, et en bandes fleuries, semez du m\u00e9lilot.<\/p>\n\n\n\n<p class=\"has-text-align-justify\"><strong>Au jardin<\/strong>, placez des gros arbustes mellif\u00e8res dans les haies m\u00e9lang\u00e9es, les haies brise-vent, les angles de murs et de palissades. Les fleurs du sureau sont par exemple tr\u00e8s visit\u00e9es par les abeilles, ainsi que celles de l&rsquo;aub\u00e9pine et de l&rsquo;aulne.<\/p>\n\n\n\n<p class=\"has-text-align-justify\">Placez en fond de massif des arbustes mellif\u00e8res en veillant \u00e0 ce que les floraisons se succ\u00e8dent&nbsp;pour que, du printemps \u00e0 l&rsquo;automne, il y ait toujours une source de pollen pour les abeilles.<\/p>\n\n\n\n<p class=\"has-text-align-justify\">Parsemez ensuite vos massifs de fleurs annuelles et de vivaces tr\u00e8s diversifi\u00e9es. M\u00eame si vous ne savez pas lesquelles sont les plus mellif\u00e8res, il y aura toujours une esp\u00e8ce qui aura du succ\u00e8s aupr\u00e8s des insectes butineurs.<\/p>\n\n\n\n<p class=\"has-text-align-justify\"><strong>Couvrez aussi les fa\u00e7ades<\/strong>&nbsp;des vieux b\u00e2timents, des cabanons, et m\u00eame de votre maison avec des plantes mellif\u00e8res telles que le lierre et les grimpantes odorantes (ch\u00e8vrefeuilles, jasmins). Les grillages de cl\u00f4ture recouverts de lierre sont aussi une bonne solution.<\/p>\n\n\n\n<p class=\"has-text-align-justify\"><strong>Au balcon<\/strong>, privil\u00e9giez un m\u00e9lange d&rsquo;annuelles et de vivaces si vous n&rsquo;avez pas beaucoup de place. Si vous ne savez pas quoi choisir, il existe des m\u00e9langes de graines de plantes mellif\u00e8res en \u00ab&nbsp;pr\u00eat \u00e0 semer&nbsp;\u00bb ou \u00ab&nbsp;pr\u00eat \u00e0 germer&nbsp;\u00bb.<\/p>\n\n\n\n<p class=\"has-text-align-justify\">Si vous cultivez un carr\u00e9 d&rsquo;aromates, laissez fleurir une partie des plantes en \u00e9vitant de cueillir toutes les tiges avant la floraison. Si votre balcon est assez grand et bien expos\u00e9, plantez aussi des arbustes mellif\u00e8res comme le laurier-sauce, l&rsquo;ab\u00e9lia, le caryopt\u00e9ris, le c\u00e9anothe, la lavande.<\/p>\n\n\n\n<p class=\"has-background has-medium-font-size\" style=\"background:linear-gradient(237deg,rgb(202,248,128) 0%,rgb(113,206,126) 100%)\"><strong>Bon \u00e0 savoir&nbsp;<\/strong>: certaines personnes ne peuvent rester \u00e0 proximit\u00e9 des abeilles et autres insectes butineurs comme les gu\u00eapes, car elles ont peur ou sont allergiques aux piq\u00fbres d&rsquo;insectes. Dans ce cas, \u00e9vitez de planter des esp\u00e8ces mellif\u00e8res autour de la terrasse, sur la fa\u00e7ade de la maison et le long des all\u00e9es. Par contre, rien n&#8217;emp\u00eache la plantation de ces esp\u00e8ces dans la haie de fond de jardin ou au c\u0153ur des massifs, car les abeilles aiment aussi la tranquillit\u00e9 pour se concentrer sur leur objectif qui est la r\u00e9colte de pollen et de nectar.<\/p>\n\n\n\n<p class=\"has-small-font-size\">Source : <a href=\"http:\/\/www.ooreka.fr\" target=\"_blank\" rel=\"noreferrer noopener\">www.ooreka.fr<\/a><\/p>\n\n\n\n<p><\/p>\n","protected":false},"excerpt":{"rendered":"<p>Avec la baisse catastrophique des populations d&rsquo;abeilles dans nos campagnes, il est de plus en plus utile de les pr\u00e9server en leur offrant des territoires prot\u00e9g\u00e9s o\u00f9 elles peuvent se nourrir avec les\u00a0plantes mellif\u00e8res. Ces espaces sont de plus en plus ceux des jardins de particuliers, des balcons et des toitures v\u00e9g\u00e9talis\u00e9es en ville. Sans oublier les prairies et les bois\u2026. Les plantes mellif\u00e8res qui y poussent sont des refuges pour les abeilles, \u00e0 condition de ne pas utiliser de traitements insecticides sur ces plantes. Voyons comment cultiver la plante mellif\u00e8re tout en respectant l&rsquo;environnement.<\/p>\n","protected":false},"author":1,"featured_media":899,"comment_status":"open","ping_status":"open","sticky":false,"template":"","format":"standard","meta":{"_jetpack_memberships_contains_paid_content":false,"footnotes":""},"categories":[5,16,12],"tags":[15,11,24],"class_list":["post-869","post","type-post","status-publish","format-standard","has-post-thumbnail","hentry","category-association","category-botanique","category-jardin","tag-botanique","tag-nature-saran","tag-plantes-melliferes"],"yoast_head":"<!-- This site is optimized with the Yoast SEO plugin v27.5 - https:\/\/yoast.com\/product\/yoast-seo-wordpress\/ -->\n<title>Les plantes mellif\u00e8res - Association Nature Saran<\/title>\n<meta name=\"description\" content=\"%\" \/>\n<meta name=\"robots\" content=\"index, follow, max-snippet:-1, max-image-preview:large, max-video-preview:-1\" \/>\n<link rel=\"canonical\" href=\"https:\/\/www.naturesaran.fr\/index.php\/2023\/02\/27\/les-plantes-melliferes\/\" \/>\n<meta property=\"og:locale\" content=\"fr_FR\" \/>\n<meta property=\"og:type\" content=\"article\" \/>\n<meta property=\"og:title\" content=\"Les plantes mellif\u00e8res - Association Nature Saran\" \/>\n<meta property=\"og:description\" content=\"%\" \/>\n<meta property=\"og:url\" content=\"https:\/\/www.naturesaran.fr\/index.php\/2023\/02\/27\/les-plantes-melliferes\/\" \/>\n<meta property=\"og:site_name\" content=\"Association Nature Saran\" \/>\n<meta property=\"article:publisher\" content=\"https:\/\/fr-fr.facebook.com\/NatureSaran\/\" \/>\n<meta property=\"article:published_time\" content=\"2023-02-27T21:33:17+00:00\" \/>\n<meta property=\"article:modified_time\" content=\"2023-02-27T21:38:08+00:00\" \/>\n<meta property=\"og:image\" content=\"https:\/\/www.naturesaran.fr\/wp-content\/uploads\/2023\/02\/saule-et-bourdon-scaled.jpg\" \/>\n\t<meta property=\"og:image:width\" content=\"2560\" \/>\n\t<meta property=\"og:image:height\" content=\"1361\" \/>\n\t<meta property=\"og:image:type\" content=\"image\/jpeg\" \/>\n<meta name=\"author\" content=\"Association Nature Saran\" \/>\n<meta name=\"twitter:card\" content=\"summary_large_image\" \/>\n<meta name=\"twitter:label1\" content=\"\u00c9crit par\" \/>\n\t<meta name=\"twitter:data1\" content=\"Association Nature Saran\" \/>\n\t<meta name=\"twitter:label2\" content=\"Dur\u00e9e de lecture estim\u00e9e\" \/>\n\t<meta name=\"twitter:data2\" content=\"7 minutes\" \/>\n<script type=\"application\/ld+json\" class=\"yoast-schema-graph\">{\"@context\":\"https:\\\/\\\/schema.org\",\"@graph\":[{\"@type\":\"Article\",\"@id\":\"https:\\\/\\\/www.naturesaran.fr\\\/index.php\\\/2023\\\/02\\\/27\\\/les-plantes-melliferes\\\/#article\",\"isPartOf\":{\"@id\":\"https:\\\/\\\/www.naturesaran.fr\\\/index.php\\\/2023\\\/02\\\/27\\\/les-plantes-melliferes\\\/\"},\"author\":{\"name\":\"Association Nature Saran\",\"@id\":\"https:\\\/\\\/www.naturesaran.fr\\\/#\\\/schema\\\/person\\\/b564daa361b1b48f7565bd2502508c87\"},\"headline\":\"Les plantes mellif\u00e8res\",\"datePublished\":\"2023-02-27T21:33:17+00:00\",\"dateModified\":\"2023-02-27T21:38:08+00:00\",\"mainEntityOfPage\":{\"@id\":\"https:\\\/\\\/www.naturesaran.fr\\\/index.php\\\/2023\\\/02\\\/27\\\/les-plantes-melliferes\\\/\"},\"wordCount\":1431,\"commentCount\":0,\"publisher\":{\"@id\":\"https:\\\/\\\/www.naturesaran.fr\\\/#organization\"},\"image\":{\"@id\":\"https:\\\/\\\/www.naturesaran.fr\\\/index.php\\\/2023\\\/02\\\/27\\\/les-plantes-melliferes\\\/#primaryimage\"},\"thumbnailUrl\":\"https:\\\/\\\/www.naturesaran.fr\\\/wp-content\\\/uploads\\\/2023\\\/02\\\/saule-et-bourdon-scaled.jpg\",\"keywords\":[\"botanique\",\"nature saran\",\"plantes mellif\u00e8res\"],\"articleSection\":[\"Association\",\"botanique\",\"jardin\"],\"inLanguage\":\"fr-FR\",\"potentialAction\":[{\"@type\":\"CommentAction\",\"name\":\"Comment\",\"target\":[\"https:\\\/\\\/www.naturesaran.fr\\\/index.php\\\/2023\\\/02\\\/27\\\/les-plantes-melliferes\\\/#respond\"]}]},{\"@type\":\"WebPage\",\"@id\":\"https:\\\/\\\/www.naturesaran.fr\\\/index.php\\\/2023\\\/02\\\/27\\\/les-plantes-melliferes\\\/\",\"url\":\"https:\\\/\\\/www.naturesaran.fr\\\/index.php\\\/2023\\\/02\\\/27\\\/les-plantes-melliferes\\\/\",\"name\":\"Les plantes mellif\u00e8res - Association Nature Saran\",\"isPartOf\":{\"@id\":\"https:\\\/\\\/www.naturesaran.fr\\\/#website\"},\"primaryImageOfPage\":{\"@id\":\"https:\\\/\\\/www.naturesaran.fr\\\/index.php\\\/2023\\\/02\\\/27\\\/les-plantes-melliferes\\\/#primaryimage\"},\"image\":{\"@id\":\"https:\\\/\\\/www.naturesaran.fr\\\/index.php\\\/2023\\\/02\\\/27\\\/les-plantes-melliferes\\\/#primaryimage\"},\"thumbnailUrl\":\"https:\\\/\\\/www.naturesaran.fr\\\/wp-content\\\/uploads\\\/2023\\\/02\\\/saule-et-bourdon-scaled.jpg\",\"datePublished\":\"2023-02-27T21:33:17+00:00\",\"dateModified\":\"2023-02-27T21:38:08+00:00\",\"description\":\"%\",\"breadcrumb\":{\"@id\":\"https:\\\/\\\/www.naturesaran.fr\\\/index.php\\\/2023\\\/02\\\/27\\\/les-plantes-melliferes\\\/#breadcrumb\"},\"inLanguage\":\"fr-FR\",\"potentialAction\":[{\"@type\":\"ReadAction\",\"target\":[\"https:\\\/\\\/www.naturesaran.fr\\\/index.php\\\/2023\\\/02\\\/27\\\/les-plantes-melliferes\\\/\"]}]},{\"@type\":\"ImageObject\",\"inLanguage\":\"fr-FR\",\"@id\":\"https:\\\/\\\/www.naturesaran.fr\\\/index.php\\\/2023\\\/02\\\/27\\\/les-plantes-melliferes\\\/#primaryimage\",\"url\":\"https:\\\/\\\/www.naturesaran.fr\\\/wp-content\\\/uploads\\\/2023\\\/02\\\/saule-et-bourdon-scaled.jpg\",\"contentUrl\":\"https:\\\/\\\/www.naturesaran.fr\\\/wp-content\\\/uploads\\\/2023\\\/02\\\/saule-et-bourdon-scaled.jpg\",\"width\":2560,\"height\":1361},{\"@type\":\"BreadcrumbList\",\"@id\":\"https:\\\/\\\/www.naturesaran.fr\\\/index.php\\\/2023\\\/02\\\/27\\\/les-plantes-melliferes\\\/#breadcrumb\",\"itemListElement\":[{\"@type\":\"ListItem\",\"position\":1,\"name\":\"Accueil\",\"item\":\"https:\\\/\\\/www.naturesaran.fr\\\/\"},{\"@type\":\"ListItem\",\"position\":2,\"name\":\"Les plantes mellif\u00e8res\"}]},{\"@type\":\"WebSite\",\"@id\":\"https:\\\/\\\/www.naturesaran.fr\\\/#website\",\"url\":\"https:\\\/\\\/www.naturesaran.fr\\\/\",\"name\":\"Association Nature Saran\",\"description\":\"\",\"publisher\":{\"@id\":\"https:\\\/\\\/www.naturesaran.fr\\\/#organization\"},\"potentialAction\":[{\"@type\":\"SearchAction\",\"target\":{\"@type\":\"EntryPoint\",\"urlTemplate\":\"https:\\\/\\\/www.naturesaran.fr\\\/?s={search_term_string}\"},\"query-input\":{\"@type\":\"PropertyValueSpecification\",\"valueRequired\":true,\"valueName\":\"search_term_string\"}}],\"inLanguage\":\"fr-FR\"},{\"@type\":\"Organization\",\"@id\":\"https:\\\/\\\/www.naturesaran.fr\\\/#organization\",\"name\":\"Association Nature Saran\",\"url\":\"https:\\\/\\\/www.naturesaran.fr\\\/\",\"logo\":{\"@type\":\"ImageObject\",\"inLanguage\":\"fr-FR\",\"@id\":\"https:\\\/\\\/www.naturesaran.fr\\\/#\\\/schema\\\/logo\\\/image\\\/\",\"url\":\"https:\\\/\\\/www.naturesaran.fr\\\/wp-content\\\/uploads\\\/2022\\\/04\\\/Association-Nature-Saran_LOGO.png\",\"contentUrl\":\"https:\\\/\\\/www.naturesaran.fr\\\/wp-content\\\/uploads\\\/2022\\\/04\\\/Association-Nature-Saran_LOGO.png\",\"width\":7088,\"height\":5708,\"caption\":\"Association Nature Saran\"},\"image\":{\"@id\":\"https:\\\/\\\/www.naturesaran.fr\\\/#\\\/schema\\\/logo\\\/image\\\/\"},\"sameAs\":[\"https:\\\/\\\/fr-fr.facebook.com\\\/NatureSaran\\\/\",\"https:\\\/\\\/www.instagram.com\\\/nature.saran\\\/\"]},{\"@type\":\"Person\",\"@id\":\"https:\\\/\\\/www.naturesaran.fr\\\/#\\\/schema\\\/person\\\/b564daa361b1b48f7565bd2502508c87\",\"name\":\"Association Nature Saran\",\"image\":{\"@type\":\"ImageObject\",\"inLanguage\":\"fr-FR\",\"@id\":\"https:\\\/\\\/secure.gravatar.com\\\/avatar\\\/baba212a1668b247903304c2595757a14c3ac1471cf3be425537311cbb3ff82c?s=96&d=mm&r=g\",\"url\":\"https:\\\/\\\/secure.gravatar.com\\\/avatar\\\/baba212a1668b247903304c2595757a14c3ac1471cf3be425537311cbb3ff82c?s=96&d=mm&r=g\",\"contentUrl\":\"https:\\\/\\\/secure.gravatar.com\\\/avatar\\\/baba212a1668b247903304c2595757a14c3ac1471cf3be425537311cbb3ff82c?s=96&d=mm&r=g\",\"caption\":\"Association Nature Saran\"},\"sameAs\":[\"http:\\\/\\\/www.naturesaran.fr\"],\"url\":\"https:\\\/\\\/www.naturesaran.fr\\\/index.php\\\/author\\\/admin5511\\\/\"}]}<\/script>\n<!-- \/ Yoast SEO plugin. -->","yoast_head_json":{"title":"Les plantes mellif\u00e8res - Association Nature Saran","description":"%","robots":{"index":"index","follow":"follow","max-snippet":"max-snippet:-1","max-image-preview":"max-image-preview:large","max-video-preview":"max-video-preview:-1"},"canonical":"https:\/\/www.naturesaran.fr\/index.php\/2023\/02\/27\/les-plantes-melliferes\/","og_locale":"fr_FR","og_type":"article","og_title":"Les plantes mellif\u00e8res - Association Nature Saran","og_description":"%","og_url":"https:\/\/www.naturesaran.fr\/index.php\/2023\/02\/27\/les-plantes-melliferes\/","og_site_name":"Association Nature Saran","article_publisher":"https:\/\/fr-fr.facebook.com\/NatureSaran\/","article_published_time":"2023-02-27T21:33:17+00:00","article_modified_time":"2023-02-27T21:38:08+00:00","og_image":[{"width":2560,"height":1361,"url":"https:\/\/www.naturesaran.fr\/wp-content\/uploads\/2023\/02\/saule-et-bourdon-scaled.jpg","type":"image\/jpeg"}],"author":"Association Nature Saran","twitter_card":"summary_large_image","twitter_misc":{"\u00c9crit par":"Association Nature Saran","Dur\u00e9e de lecture estim\u00e9e":"7 minutes"},"schema":{"@context":"https:\/\/schema.org","@graph":[{"@type":"Article","@id":"https:\/\/www.naturesaran.fr\/index.php\/2023\/02\/27\/les-plantes-melliferes\/#article","isPartOf":{"@id":"https:\/\/www.naturesaran.fr\/index.php\/2023\/02\/27\/les-plantes-melliferes\/"},"author":{"name":"Association Nature Saran","@id":"https:\/\/www.naturesaran.fr\/#\/schema\/person\/b564daa361b1b48f7565bd2502508c87"},"headline":"Les plantes mellif\u00e8res","datePublished":"2023-02-27T21:33:17+00:00","dateModified":"2023-02-27T21:38:08+00:00","mainEntityOfPage":{"@id":"https:\/\/www.naturesaran.fr\/index.php\/2023\/02\/27\/les-plantes-melliferes\/"},"wordCount":1431,"commentCount":0,"publisher":{"@id":"https:\/\/www.naturesaran.fr\/#organization"},"image":{"@id":"https:\/\/www.naturesaran.fr\/index.php\/2023\/02\/27\/les-plantes-melliferes\/#primaryimage"},"thumbnailUrl":"https:\/\/www.naturesaran.fr\/wp-content\/uploads\/2023\/02\/saule-et-bourdon-scaled.jpg","keywords":["botanique","nature saran","plantes mellif\u00e8res"],"articleSection":["Association","botanique","jardin"],"inLanguage":"fr-FR","potentialAction":[{"@type":"CommentAction","name":"Comment","target":["https:\/\/www.naturesaran.fr\/index.php\/2023\/02\/27\/les-plantes-melliferes\/#respond"]}]},{"@type":"WebPage","@id":"https:\/\/www.naturesaran.fr\/index.php\/2023\/02\/27\/les-plantes-melliferes\/","url":"https:\/\/www.naturesaran.fr\/index.php\/2023\/02\/27\/les-plantes-melliferes\/","name":"Les plantes mellif\u00e8res - Association Nature Saran","isPartOf":{"@id":"https:\/\/www.naturesaran.fr\/#website"},"primaryImageOfPage":{"@id":"https:\/\/www.naturesaran.fr\/index.php\/2023\/02\/27\/les-plantes-melliferes\/#primaryimage"},"image":{"@id":"https:\/\/www.naturesaran.fr\/index.php\/2023\/02\/27\/les-plantes-melliferes\/#primaryimage"},"thumbnailUrl":"https:\/\/www.naturesaran.fr\/wp-content\/uploads\/2023\/02\/saule-et-bourdon-scaled.jpg","datePublished":"2023-02-27T21:33:17+00:00","dateModified":"2023-02-27T21:38:08+00:00","description":"%","breadcrumb":{"@id":"https:\/\/www.naturesaran.fr\/index.php\/2023\/02\/27\/les-plantes-melliferes\/#breadcrumb"},"inLanguage":"fr-FR","potentialAction":[{"@type":"ReadAction","target":["https:\/\/www.naturesaran.fr\/index.php\/2023\/02\/27\/les-plantes-melliferes\/"]}]},{"@type":"ImageObject","inLanguage":"fr-FR","@id":"https:\/\/www.naturesaran.fr\/index.php\/2023\/02\/27\/les-plantes-melliferes\/#primaryimage","url":"https:\/\/www.naturesaran.fr\/wp-content\/uploads\/2023\/02\/saule-et-bourdon-scaled.jpg","contentUrl":"https:\/\/www.naturesaran.fr\/wp-content\/uploads\/2023\/02\/saule-et-bourdon-scaled.jpg","width":2560,"height":1361},{"@type":"BreadcrumbList","@id":"https:\/\/www.naturesaran.fr\/index.php\/2023\/02\/27\/les-plantes-melliferes\/#breadcrumb","itemListElement":[{"@type":"ListItem","position":1,"name":"Accueil","item":"https:\/\/www.naturesaran.fr\/"},{"@type":"ListItem","position":2,"name":"Les plantes mellif\u00e8res"}]},{"@type":"WebSite","@id":"https:\/\/www.naturesaran.fr\/#website","url":"https:\/\/www.naturesaran.fr\/","name":"Association Nature Saran","description":"","publisher":{"@id":"https:\/\/www.naturesaran.fr\/#organization"},"potentialAction":[{"@type":"SearchAction","target":{"@type":"EntryPoint","urlTemplate":"https:\/\/www.naturesaran.fr\/?s={search_term_string}"},"query-input":{"@type":"PropertyValueSpecification","valueRequired":true,"valueName":"search_term_string"}}],"inLanguage":"fr-FR"},{"@type":"Organization","@id":"https:\/\/www.naturesaran.fr\/#organization","name":"Association Nature Saran","url":"https:\/\/www.naturesaran.fr\/","logo":{"@type":"ImageObject","inLanguage":"fr-FR","@id":"https:\/\/www.naturesaran.fr\/#\/schema\/logo\/image\/","url":"https:\/\/www.naturesaran.fr\/wp-content\/uploads\/2022\/04\/Association-Nature-Saran_LOGO.png","contentUrl":"https:\/\/www.naturesaran.fr\/wp-content\/uploads\/2022\/04\/Association-Nature-Saran_LOGO.png","width":7088,"height":5708,"caption":"Association Nature Saran"},"image":{"@id":"https:\/\/www.naturesaran.fr\/#\/schema\/logo\/image\/"},"sameAs":["https:\/\/fr-fr.facebook.com\/NatureSaran\/","https:\/\/www.instagram.com\/nature.saran\/"]},{"@type":"Person","@id":"https:\/\/www.naturesaran.fr\/#\/schema\/person\/b564daa361b1b48f7565bd2502508c87","name":"Association Nature Saran","image":{"@type":"ImageObject","inLanguage":"fr-FR","@id":"https:\/\/secure.gravatar.com\/avatar\/baba212a1668b247903304c2595757a14c3ac1471cf3be425537311cbb3ff82c?s=96&d=mm&r=g","url":"https:\/\/secure.gravatar.com\/avatar\/baba212a1668b247903304c2595757a14c3ac1471cf3be425537311cbb3ff82c?s=96&d=mm&r=g","contentUrl":"https:\/\/secure.gravatar.com\/avatar\/baba212a1668b247903304c2595757a14c3ac1471cf3be425537311cbb3ff82c?s=96&d=mm&r=g","caption":"Association Nature Saran"},"sameAs":["http:\/\/www.naturesaran.fr"],"url":"https:\/\/www.naturesaran.fr\/index.php\/author\/admin5511\/"}]}},"jetpack_featured_media_url":"https:\/\/www.naturesaran.fr\/wp-content\/uploads\/2023\/02\/saule-et-bourdon-scaled.jpg","jetpack_sharing_enabled":true,"featured_media_urls":{"thumbnail":["https:\/\/www.naturesaran.fr\/wp-content\/uploads\/2023\/02\/saule-et-bourdon-150x150.jpg",150,150,true],"medium":["https:\/\/www.naturesaran.fr\/wp-content\/uploads\/2023\/02\/saule-et-bourdon-300x160.jpg",300,160,true],"medium_large":["https:\/\/www.naturesaran.fr\/wp-content\/uploads\/2023\/02\/saule-et-bourdon-768x408.jpg",768,408,true],"large":["https:\/\/www.naturesaran.fr\/wp-content\/uploads\/2023\/02\/saule-et-bourdon-1024x544.jpg",960,510,true],"1536x1536":["https:\/\/www.naturesaran.fr\/wp-content\/uploads\/2023\/02\/saule-et-bourdon-1536x817.jpg",1536,817,true],"2048x2048":["https:\/\/www.naturesaran.fr\/wp-content\/uploads\/2023\/02\/saule-et-bourdon-2048x1089.jpg",2048,1089,true],"bard-slider-full-thumbnail":["https:\/\/www.naturesaran.fr\/wp-content\/uploads\/2023\/02\/saule-et-bourdon-1080x540.jpg",1080,540,true],"bard-full-thumbnail":["https:\/\/www.naturesaran.fr\/wp-content\/uploads\/2023\/02\/saule-et-bourdon-1140x606.jpg",1140,606,true],"bard-grid-thumbnail":["https:\/\/www.naturesaran.fr\/wp-content\/uploads\/2023\/02\/saule-et-bourdon-500x380.jpg",500,380,true],"bard-list-thumbnail":["https:\/\/www.naturesaran.fr\/wp-content\/uploads\/2023\/02\/saule-et-bourdon-300x300.jpg",300,300,true],"bard-single-navigation":["https:\/\/www.naturesaran.fr\/wp-content\/uploads\/2023\/02\/saule-et-bourdon-75x75.jpg",75,75,true],"portfolio_item-thumbnail":["https:\/\/www.naturesaran.fr\/wp-content\/uploads\/2023\/02\/saule-et-bourdon-600x400.jpg",600,400,true],"portfolio_item-thumbnail@2x":["https:\/\/www.naturesaran.fr\/wp-content\/uploads\/2023\/02\/saule-et-bourdon-scaled.jpg",1200,638,false],"portfolio_item-masonry":["https:\/\/www.naturesaran.fr\/wp-content\/uploads\/2023\/02\/saule-et-bourdon-600x319.jpg",600,319,true],"portfolio_item-masonry@2x":["https:\/\/www.naturesaran.fr\/wp-content\/uploads\/2023\/02\/saule-et-bourdon-scaled.jpg",1200,638,false],"portfolio_item-thumbnail_cinema":["https:\/\/www.naturesaran.fr\/wp-content\/uploads\/2023\/02\/saule-et-bourdon-800x335.jpg",800,335,true],"portfolio_item-thumbnail_portrait":["https:\/\/www.naturesaran.fr\/wp-content\/uploads\/2023\/02\/saule-et-bourdon-600x900.jpg",600,900,true],"portfolio_item-thumbnail_portrait@2x":["https:\/\/www.naturesaran.fr\/wp-content\/uploads\/2023\/02\/saule-et-bourdon-scaled.jpg",1200,638,false],"portfolio_item-thumbnail_square":["https:\/\/www.naturesaran.fr\/wp-content\/uploads\/2023\/02\/saule-et-bourdon-800x800.jpg",800,800,true]},"_links":{"self":[{"href":"https:\/\/www.naturesaran.fr\/index.php\/wp-json\/wp\/v2\/posts\/869","targetHints":{"allow":["GET"]}}],"collection":[{"href":"https:\/\/www.naturesaran.fr\/index.php\/wp-json\/wp\/v2\/posts"}],"about":[{"href":"https:\/\/www.naturesaran.fr\/index.php\/wp-json\/wp\/v2\/types\/post"}],"author":[{"embeddable":true,"href":"https:\/\/www.naturesaran.fr\/index.php\/wp-json\/wp\/v2\/users\/1"}],"replies":[{"embeddable":true,"href":"https:\/\/www.naturesaran.fr\/index.php\/wp-json\/wp\/v2\/comments?post=869"}],"version-history":[{"count":6,"href":"https:\/\/www.naturesaran.fr\/index.php\/wp-json\/wp\/v2\/posts\/869\/revisions"}],"predecessor-version":[{"id":900,"href":"https:\/\/www.naturesaran.fr\/index.php\/wp-json\/wp\/v2\/posts\/869\/revisions\/900"}],"wp:featuredmedia":[{"embeddable":true,"href":"https:\/\/www.naturesaran.fr\/index.php\/wp-json\/wp\/v2\/media\/899"}],"wp:attachment":[{"href":"https:\/\/www.naturesaran.fr\/index.php\/wp-json\/wp\/v2\/media?parent=869"}],"wp:term":[{"taxonomy":"category","embeddable":true,"href":"https:\/\/www.naturesaran.fr\/index.php\/wp-json\/wp\/v2\/categories?post=869"},{"taxonomy":"post_tag","embeddable":true,"href":"https:\/\/www.naturesaran.fr\/index.php\/wp-json\/wp\/v2\/tags?post=869"}],"curies":[{"name":"wp","href":"https:\/\/api.w.org\/{rel}","templated":true}]}}