{"id":1295,"date":"2025-10-02T20:33:04","date_gmt":"2025-10-02T18:33:04","guid":{"rendered":"https:\/\/www.naturesaran.fr\/?p=1295"},"modified":"2025-10-02T20:33:05","modified_gmt":"2025-10-02T18:33:05","slug":"les-lampyridae-du-loiret","status":"publish","type":"post","link":"https:\/\/www.naturesaran.fr\/index.php\/2025\/10\/02\/les-lampyridae-du-loiret\/","title":{"rendered":"Les lampyridae du Loiret"},"content":{"rendered":"\n<p>En \u00e9t\u00e9, \u00e0 la nuit tomb\u00e9e, il arrive d\u2019apercevoir des petites lumi\u00e8res vertes qui brillent dans le noir au milieu de la nature.<\/p>\n\n\n\n<p>On se dit que ce sont des lucioles ou des vers luisants&nbsp;; mais qui sont-ils r\u00e9ellement, quelle est leur morphologie, quel est leur comportement, comment produisent-ils cette lumi\u00e8re magique&#8230;<\/p>\n\n\n\n<div class=\"wp-block-buttons is-content-justification-center is-layout-flex wp-container-core-buttons-is-layout-16018d1d wp-block-buttons-is-layout-flex\">\n<div class=\"wp-block-button\"><a class=\"wp-block-button__link has-background wp-element-button\" href=\"https:\/\/www.naturesaran.fr\/wp-content\/uploads\/2025\/10\/Les-Lampyridae-du-Loiret.pdf\" style=\"background-color:#94b722\">Cliquez ici<\/a><\/div>\n<\/div>\n\n\n\n<p><\/p>\n","protected":false},"excerpt":{"rendered":"<p>En \u00e9t\u00e9, \u00e0 la nuit tomb\u00e9e, il arrive d\u2019apercevoir des petites lumi\u00e8res vertes qui brillent dans le noir au milieu de la nature.<\/p>\n<p>On se dit que ce sont des lucioles ou des vers luisants\u00a0; mais qui sont-ils r\u00e9ellement, quelle est leur morphologie, quel est leur comportement, comment produisent-ils cette lumi\u00e8re magique&#8230;<\/p>\n","protected":false},"author":1,"featured_media":1296,"comment_status":"open","ping_status":"open","sticky":false,"template":"","format":"standard","meta":{"_jetpack_memberships_contains_paid_content":false,"footnotes":""},"categories":[5,13],"tags":[25,39,11,40],"class_list":["post-1295","post","type-post","status-publish","format-standard","has-post-thumbnail","hentry","category-association","category-biodiversite","tag-biodiversite","tag-lampyridae","tag-nature-saran","tag-vers-luisant"],"yoast_head":"<!-- This site is optimized with the Yoast SEO plugin v27.5 - https:\/\/yoast.com\/product\/yoast-seo-wordpress\/ -->\n<title>Les lampyridae du Loiret - Association Nature Saran<\/title>\n<meta name=\"description\" content=\"%\" \/>\n<meta name=\"robots\" content=\"index, follow, max-snippet:-1, max-image-preview:large, max-video-preview:-1\" \/>\n<link rel=\"canonical\" href=\"https:\/\/www.naturesaran.fr\/index.php\/2025\/10\/02\/les-lampyridae-du-loiret\/\" \/>\n<meta property=\"og:locale\" content=\"fr_FR\" \/>\n<meta property=\"og:type\" content=\"article\" \/>\n<meta property=\"og:title\" content=\"Les lampyridae du Loiret - Association Nature Saran\" \/>\n<meta property=\"og:description\" content=\"%\" \/>\n<meta property=\"og:url\" content=\"https:\/\/www.naturesaran.fr\/index.php\/2025\/10\/02\/les-lampyridae-du-loiret\/\" \/>\n<meta property=\"og:site_name\" content=\"Association Nature Saran\" \/>\n<meta property=\"article:publisher\" content=\"https:\/\/fr-fr.facebook.com\/NatureSaran\/\" \/>\n<meta property=\"article:published_time\" content=\"2025-10-02T18:33:04+00:00\" \/>\n<meta property=\"article:modified_time\" content=\"2025-10-02T18:33:05+00:00\" \/>\n<meta property=\"og:image\" content=\"https:\/\/www.naturesaran.fr\/wp-content\/uploads\/2022\/04\/NATURESARAN_LOGO-02.png\" \/>\n\t<meta property=\"og:image:width\" content=\"1754\" \/>\n\t<meta property=\"og:image:height\" content=\"1240\" \/>\n\t<meta property=\"og:image:type\" content=\"image\/png\" \/>\n<meta name=\"author\" content=\"Association Nature Saran\" \/>\n<meta name=\"twitter:card\" content=\"summary_large_image\" \/>\n<meta name=\"twitter:label1\" content=\"\u00c9crit par\" \/>\n\t<meta name=\"twitter:data1\" content=\"Association Nature Saran\" \/>\n<script type=\"application\/ld+json\" class=\"yoast-schema-graph\">{\"@context\":\"https:\\\/\\\/schema.org\",\"@graph\":[{\"@type\":\"Article\",\"@id\":\"https:\\\/\\\/www.naturesaran.fr\\\/index.php\\\/2025\\\/10\\\/02\\\/les-lampyridae-du-loiret\\\/#article\",\"isPartOf\":{\"@id\":\"https:\\\/\\\/www.naturesaran.fr\\\/index.php\\\/2025\\\/10\\\/02\\\/les-lampyridae-du-loiret\\\/\"},\"author\":{\"name\":\"Association Nature Saran\",\"@id\":\"https:\\\/\\\/www.naturesaran.fr\\\/#\\\/schema\\\/person\\\/b564daa361b1b48f7565bd2502508c87\"},\"headline\":\"Les lampyridae du Loiret\",\"datePublished\":\"2025-10-02T18:33:04+00:00\",\"dateModified\":\"2025-10-02T18:33:05+00:00\",\"mainEntityOfPage\":{\"@id\":\"https:\\\/\\\/www.naturesaran.fr\\\/index.php\\\/2025\\\/10\\\/02\\\/les-lampyridae-du-loiret\\\/\"},\"wordCount\":63,\"commentCount\":0,\"publisher\":{\"@id\":\"https:\\\/\\\/www.naturesaran.fr\\\/#organization\"},\"image\":{\"@id\":\"https:\\\/\\\/www.naturesaran.fr\\\/index.php\\\/2025\\\/10\\\/02\\\/les-lampyridae-du-loiret\\\/#primaryimage\"},\"thumbnailUrl\":\"https:\\\/\\\/www.naturesaran.fr\\\/wp-content\\\/uploads\\\/2025\\\/10\\\/ChatGPT-Image-2-oct.-2025-19_33_26.png\",\"keywords\":[\"biodiversit\u00e9\",\"lampyridae\",\"nature saran\",\"vers luisant\"],\"articleSection\":[\"Association\",\"biodiversit\u00e9\"],\"inLanguage\":\"fr-FR\",\"potentialAction\":[{\"@type\":\"CommentAction\",\"name\":\"Comment\",\"target\":[\"https:\\\/\\\/www.naturesaran.fr\\\/index.php\\\/2025\\\/10\\\/02\\\/les-lampyridae-du-loiret\\\/#respond\"]}]},{\"@type\":\"WebPage\",\"@id\":\"https:\\\/\\\/www.naturesaran.fr\\\/index.php\\\/2025\\\/10\\\/02\\\/les-lampyridae-du-loiret\\\/\",\"url\":\"https:\\\/\\\/www.naturesaran.fr\\\/index.php\\\/2025\\\/10\\\/02\\\/les-lampyridae-du-loiret\\\/\",\"name\":\"Les lampyridae du Loiret - Association Nature Saran\",\"isPartOf\":{\"@id\":\"https:\\\/\\\/www.naturesaran.fr\\\/#website\"},\"primaryImageOfPage\":{\"@id\":\"https:\\\/\\\/www.naturesaran.fr\\\/index.php\\\/2025\\\/10\\\/02\\\/les-lampyridae-du-loiret\\\/#primaryimage\"},\"image\":{\"@id\":\"https:\\\/\\\/www.naturesaran.fr\\\/index.php\\\/2025\\\/10\\\/02\\\/les-lampyridae-du-loiret\\\/#primaryimage\"},\"thumbnailUrl\":\"https:\\\/\\\/www.naturesaran.fr\\\/wp-content\\\/uploads\\\/2025\\\/10\\\/ChatGPT-Image-2-oct.-2025-19_33_26.png\",\"datePublished\":\"2025-10-02T18:33:04+00:00\",\"dateModified\":\"2025-10-02T18:33:05+00:00\",\"description\":\"%\",\"breadcrumb\":{\"@id\":\"https:\\\/\\\/www.naturesaran.fr\\\/index.php\\\/2025\\\/10\\\/02\\\/les-lampyridae-du-loiret\\\/#breadcrumb\"},\"inLanguage\":\"fr-FR\",\"potentialAction\":[{\"@type\":\"ReadAction\",\"target\":[\"https:\\\/\\\/www.naturesaran.fr\\\/index.php\\\/2025\\\/10\\\/02\\\/les-lampyridae-du-loiret\\\/\"]}]},{\"@type\":\"ImageObject\",\"inLanguage\":\"fr-FR\",\"@id\":\"https:\\\/\\\/www.naturesaran.fr\\\/index.php\\\/2025\\\/10\\\/02\\\/les-lampyridae-du-loiret\\\/#primaryimage\",\"url\":\"https:\\\/\\\/www.naturesaran.fr\\\/wp-content\\\/uploads\\\/2025\\\/10\\\/ChatGPT-Image-2-oct.-2025-19_33_26.png\",\"contentUrl\":\"https:\\\/\\\/www.naturesaran.fr\\\/wp-content\\\/uploads\\\/2025\\\/10\\\/ChatGPT-Image-2-oct.-2025-19_33_26.png\",\"width\":1024,\"height\":1536},{\"@type\":\"BreadcrumbList\",\"@id\":\"https:\\\/\\\/www.naturesaran.fr\\\/index.php\\\/2025\\\/10\\\/02\\\/les-lampyridae-du-loiret\\\/#breadcrumb\",\"itemListElement\":[{\"@type\":\"ListItem\",\"position\":1,\"name\":\"Accueil\",\"item\":\"https:\\\/\\\/www.naturesaran.fr\\\/\"},{\"@type\":\"ListItem\",\"position\":2,\"name\":\"Les lampyridae du Loiret\"}]},{\"@type\":\"WebSite\",\"@id\":\"https:\\\/\\\/www.naturesaran.fr\\\/#website\",\"url\":\"https:\\\/\\\/www.naturesaran.fr\\\/\",\"name\":\"Association Nature Saran\",\"description\":\"\",\"publisher\":{\"@id\":\"https:\\\/\\\/www.naturesaran.fr\\\/#organization\"},\"potentialAction\":[{\"@type\":\"SearchAction\",\"target\":{\"@type\":\"EntryPoint\",\"urlTemplate\":\"https:\\\/\\\/www.naturesaran.fr\\\/?s={search_term_string}\"},\"query-input\":{\"@type\":\"PropertyValueSpecification\",\"valueRequired\":true,\"valueName\":\"search_term_string\"}}],\"inLanguage\":\"fr-FR\"},{\"@type\":\"Organization\",\"@id\":\"https:\\\/\\\/www.naturesaran.fr\\\/#organization\",\"name\":\"Association Nature Saran\",\"url\":\"https:\\\/\\\/www.naturesaran.fr\\\/\",\"logo\":{\"@type\":\"ImageObject\",\"inLanguage\":\"fr-FR\",\"@id\":\"https:\\\/\\\/www.naturesaran.fr\\\/#\\\/schema\\\/logo\\\/image\\\/\",\"url\":\"https:\\\/\\\/www.naturesaran.fr\\\/wp-content\\\/uploads\\\/2022\\\/04\\\/Association-Nature-Saran_LOGO.png\",\"contentUrl\":\"https:\\\/\\\/www.naturesaran.fr\\\/wp-content\\\/uploads\\\/2022\\\/04\\\/Association-Nature-Saran_LOGO.png\",\"width\":7088,\"height\":5708,\"caption\":\"Association Nature Saran\"},\"image\":{\"@id\":\"https:\\\/\\\/www.naturesaran.fr\\\/#\\\/schema\\\/logo\\\/image\\\/\"},\"sameAs\":[\"https:\\\/\\\/fr-fr.facebook.com\\\/NatureSaran\\\/\",\"https:\\\/\\\/www.instagram.com\\\/nature.saran\\\/\"]},{\"@type\":\"Person\",\"@id\":\"https:\\\/\\\/www.naturesaran.fr\\\/#\\\/schema\\\/person\\\/b564daa361b1b48f7565bd2502508c87\",\"name\":\"Association Nature Saran\",\"image\":{\"@type\":\"ImageObject\",\"inLanguage\":\"fr-FR\",\"@id\":\"https:\\\/\\\/secure.gravatar.com\\\/avatar\\\/baba212a1668b247903304c2595757a14c3ac1471cf3be425537311cbb3ff82c?s=96&d=mm&r=g\",\"url\":\"https:\\\/\\\/secure.gravatar.com\\\/avatar\\\/baba212a1668b247903304c2595757a14c3ac1471cf3be425537311cbb3ff82c?s=96&d=mm&r=g\",\"contentUrl\":\"https:\\\/\\\/secure.gravatar.com\\\/avatar\\\/baba212a1668b247903304c2595757a14c3ac1471cf3be425537311cbb3ff82c?s=96&d=mm&r=g\",\"caption\":\"Association Nature Saran\"},\"sameAs\":[\"http:\\\/\\\/www.naturesaran.fr\"],\"url\":\"https:\\\/\\\/www.naturesaran.fr\\\/index.php\\\/author\\\/admin5511\\\/\"}]}<\/script>\n<!-- \/ Yoast SEO plugin. -->","yoast_head_json":{"title":"Les lampyridae du Loiret - Association Nature Saran","description":"%","robots":{"index":"index","follow":"follow","max-snippet":"max-snippet:-1","max-image-preview":"max-image-preview:large","max-video-preview":"max-video-preview:-1"},"canonical":"https:\/\/www.naturesaran.fr\/index.php\/2025\/10\/02\/les-lampyridae-du-loiret\/","og_locale":"fr_FR","og_type":"article","og_title":"Les lampyridae du Loiret - Association Nature Saran","og_description":"%","og_url":"https:\/\/www.naturesaran.fr\/index.php\/2025\/10\/02\/les-lampyridae-du-loiret\/","og_site_name":"Association Nature Saran","article_publisher":"https:\/\/fr-fr.facebook.com\/NatureSaran\/","article_published_time":"2025-10-02T18:33:04+00:00","article_modified_time":"2025-10-02T18:33:05+00:00","og_image":[{"width":1754,"height":1240,"url":"https:\/\/www.naturesaran.fr\/wp-content\/uploads\/2022\/04\/NATURESARAN_LOGO-02.png","type":"image\/png"}],"author":"Association Nature Saran","twitter_card":"summary_large_image","twitter_misc":{"\u00c9crit par":"Association Nature Saran"},"schema":{"@context":"https:\/\/schema.org","@graph":[{"@type":"Article","@id":"https:\/\/www.naturesaran.fr\/index.php\/2025\/10\/02\/les-lampyridae-du-loiret\/#article","isPartOf":{"@id":"https:\/\/www.naturesaran.fr\/index.php\/2025\/10\/02\/les-lampyridae-du-loiret\/"},"author":{"name":"Association Nature Saran","@id":"https:\/\/www.naturesaran.fr\/#\/schema\/person\/b564daa361b1b48f7565bd2502508c87"},"headline":"Les lampyridae du Loiret","datePublished":"2025-10-02T18:33:04+00:00","dateModified":"2025-10-02T18:33:05+00:00","mainEntityOfPage":{"@id":"https:\/\/www.naturesaran.fr\/index.php\/2025\/10\/02\/les-lampyridae-du-loiret\/"},"wordCount":63,"commentCount":0,"publisher":{"@id":"https:\/\/www.naturesaran.fr\/#organization"},"image":{"@id":"https:\/\/www.naturesaran.fr\/index.php\/2025\/10\/02\/les-lampyridae-du-loiret\/#primaryimage"},"thumbnailUrl":"https:\/\/www.naturesaran.fr\/wp-content\/uploads\/2025\/10\/ChatGPT-Image-2-oct.-2025-19_33_26.png","keywords":["biodiversit\u00e9","lampyridae","nature saran","vers luisant"],"articleSection":["Association","biodiversit\u00e9"],"inLanguage":"fr-FR","potentialAction":[{"@type":"CommentAction","name":"Comment","target":["https:\/\/www.naturesaran.fr\/index.php\/2025\/10\/02\/les-lampyridae-du-loiret\/#respond"]}]},{"@type":"WebPage","@id":"https:\/\/www.naturesaran.fr\/index.php\/2025\/10\/02\/les-lampyridae-du-loiret\/","url":"https:\/\/www.naturesaran.fr\/index.php\/2025\/10\/02\/les-lampyridae-du-loiret\/","name":"Les lampyridae du Loiret - Association Nature Saran","isPartOf":{"@id":"https:\/\/www.naturesaran.fr\/#website"},"primaryImageOfPage":{"@id":"https:\/\/www.naturesaran.fr\/index.php\/2025\/10\/02\/les-lampyridae-du-loiret\/#primaryimage"},"image":{"@id":"https:\/\/www.naturesaran.fr\/index.php\/2025\/10\/02\/les-lampyridae-du-loiret\/#primaryimage"},"thumbnailUrl":"https:\/\/www.naturesaran.fr\/wp-content\/uploads\/2025\/10\/ChatGPT-Image-2-oct.-2025-19_33_26.png","datePublished":"2025-10-02T18:33:04+00:00","dateModified":"2025-10-02T18:33:05+00:00","description":"%","breadcrumb":{"@id":"https:\/\/www.naturesaran.fr\/index.php\/2025\/10\/02\/les-lampyridae-du-loiret\/#breadcrumb"},"inLanguage":"fr-FR","potentialAction":[{"@type":"ReadAction","target":["https:\/\/www.naturesaran.fr\/index.php\/2025\/10\/02\/les-lampyridae-du-loiret\/"]}]},{"@type":"ImageObject","inLanguage":"fr-FR","@id":"https:\/\/www.naturesaran.fr\/index.php\/2025\/10\/02\/les-lampyridae-du-loiret\/#primaryimage","url":"https:\/\/www.naturesaran.fr\/wp-content\/uploads\/2025\/10\/ChatGPT-Image-2-oct.-2025-19_33_26.png","contentUrl":"https:\/\/www.naturesaran.fr\/wp-content\/uploads\/2025\/10\/ChatGPT-Image-2-oct.-2025-19_33_26.png","width":1024,"height":1536},{"@type":"BreadcrumbList","@id":"https:\/\/www.naturesaran.fr\/index.php\/2025\/10\/02\/les-lampyridae-du-loiret\/#breadcrumb","itemListElement":[{"@type":"ListItem","position":1,"name":"Accueil","item":"https:\/\/www.naturesaran.fr\/"},{"@type":"ListItem","position":2,"name":"Les lampyridae du Loiret"}]},{"@type":"WebSite","@id":"https:\/\/www.naturesaran.fr\/#website","url":"https:\/\/www.naturesaran.fr\/","name":"Association Nature Saran","description":"","publisher":{"@id":"https:\/\/www.naturesaran.fr\/#organization"},"potentialAction":[{"@type":"SearchAction","target":{"@type":"EntryPoint","urlTemplate":"https:\/\/www.naturesaran.fr\/?s={search_term_string}"},"query-input":{"@type":"PropertyValueSpecification","valueRequired":true,"valueName":"search_term_string"}}],"inLanguage":"fr-FR"},{"@type":"Organization","@id":"https:\/\/www.naturesaran.fr\/#organization","name":"Association Nature Saran","url":"https:\/\/www.naturesaran.fr\/","logo":{"@type":"ImageObject","inLanguage":"fr-FR","@id":"https:\/\/www.naturesaran.fr\/#\/schema\/logo\/image\/","url":"https:\/\/www.naturesaran.fr\/wp-content\/uploads\/2022\/04\/Association-Nature-Saran_LOGO.png","contentUrl":"https:\/\/www.naturesaran.fr\/wp-content\/uploads\/2022\/04\/Association-Nature-Saran_LOGO.png","width":7088,"height":5708,"caption":"Association Nature Saran"},"image":{"@id":"https:\/\/www.naturesaran.fr\/#\/schema\/logo\/image\/"},"sameAs":["https:\/\/fr-fr.facebook.com\/NatureSaran\/","https:\/\/www.instagram.com\/nature.saran\/"]},{"@type":"Person","@id":"https:\/\/www.naturesaran.fr\/#\/schema\/person\/b564daa361b1b48f7565bd2502508c87","name":"Association Nature Saran","image":{"@type":"ImageObject","inLanguage":"fr-FR","@id":"https:\/\/secure.gravatar.com\/avatar\/baba212a1668b247903304c2595757a14c3ac1471cf3be425537311cbb3ff82c?s=96&d=mm&r=g","url":"https:\/\/secure.gravatar.com\/avatar\/baba212a1668b247903304c2595757a14c3ac1471cf3be425537311cbb3ff82c?s=96&d=mm&r=g","contentUrl":"https:\/\/secure.gravatar.com\/avatar\/baba212a1668b247903304c2595757a14c3ac1471cf3be425537311cbb3ff82c?s=96&d=mm&r=g","caption":"Association Nature Saran"},"sameAs":["http:\/\/www.naturesaran.fr"],"url":"https:\/\/www.naturesaran.fr\/index.php\/author\/admin5511\/"}]}},"jetpack_featured_media_url":"https:\/\/www.naturesaran.fr\/wp-content\/uploads\/2025\/10\/ChatGPT-Image-2-oct.-2025-19_33_26.png","jetpack_sharing_enabled":true,"featured_media_urls":{"thumbnail":["https:\/\/www.naturesaran.fr\/wp-content\/uploads\/2025\/10\/ChatGPT-Image-2-oct.-2025-19_33_26-150x150.png",150,150,true],"medium":["https:\/\/www.naturesaran.fr\/wp-content\/uploads\/2025\/10\/ChatGPT-Image-2-oct.-2025-19_33_26-200x300.png",200,300,true],"medium_large":["https:\/\/www.naturesaran.fr\/wp-content\/uploads\/2025\/10\/ChatGPT-Image-2-oct.-2025-19_33_26-768x1152.png",768,1152,true],"large":["https:\/\/www.naturesaran.fr\/wp-content\/uploads\/2025\/10\/ChatGPT-Image-2-oct.-2025-19_33_26-683x1024.png",683,1024,true],"1536x1536":["https:\/\/www.naturesaran.fr\/wp-content\/uploads\/2025\/10\/ChatGPT-Image-2-oct.-2025-19_33_26.png",1024,1536,false],"2048x2048":["https:\/\/www.naturesaran.fr\/wp-content\/uploads\/2025\/10\/ChatGPT-Image-2-oct.-2025-19_33_26.png",1024,1536,false],"bard-slider-full-thumbnail":["https:\/\/www.naturesaran.fr\/wp-content\/uploads\/2025\/10\/ChatGPT-Image-2-oct.-2025-19_33_26-1024x540.png",1024,540,true],"bard-full-thumbnail":["https:\/\/www.naturesaran.fr\/wp-content\/uploads\/2025\/10\/ChatGPT-Image-2-oct.-2025-19_33_26.png",1024,1536,false],"bard-grid-thumbnail":["https:\/\/www.naturesaran.fr\/wp-content\/uploads\/2025\/10\/ChatGPT-Image-2-oct.-2025-19_33_26-500x380.png",500,380,true],"bard-list-thumbnail":["https:\/\/www.naturesaran.fr\/wp-content\/uploads\/2025\/10\/ChatGPT-Image-2-oct.-2025-19_33_26-300x300.png",300,300,true],"bard-single-navigation":["https:\/\/www.naturesaran.fr\/wp-content\/uploads\/2025\/10\/ChatGPT-Image-2-oct.-2025-19_33_26-75x75.png",75,75,true],"portfolio_item-thumbnail":["https:\/\/www.naturesaran.fr\/wp-content\/uploads\/2025\/10\/ChatGPT-Image-2-oct.-2025-19_33_26.png",267,400,false],"portfolio_item-thumbnail@2x":["https:\/\/www.naturesaran.fr\/wp-content\/uploads\/2025\/10\/ChatGPT-Image-2-oct.-2025-19_33_26.png",533,800,false],"portfolio_item-masonry":["https:\/\/www.naturesaran.fr\/wp-content\/uploads\/2025\/10\/ChatGPT-Image-2-oct.-2025-19_33_26.png",600,900,false],"portfolio_item-masonry@2x":["https:\/\/www.naturesaran.fr\/wp-content\/uploads\/2025\/10\/ChatGPT-Image-2-oct.-2025-19_33_26.png",1024,1536,false],"portfolio_item-thumbnail_cinema":["https:\/\/www.naturesaran.fr\/wp-content\/uploads\/2025\/10\/ChatGPT-Image-2-oct.-2025-19_33_26.png",223,335,false],"portfolio_item-thumbnail_portrait":["https:\/\/www.naturesaran.fr\/wp-content\/uploads\/2025\/10\/ChatGPT-Image-2-oct.-2025-19_33_26.png",600,900,false],"portfolio_item-thumbnail_portrait@2x":["https:\/\/www.naturesaran.fr\/wp-content\/uploads\/2025\/10\/ChatGPT-Image-2-oct.-2025-19_33_26.png",1024,1536,false],"portfolio_item-thumbnail_square":["https:\/\/www.naturesaran.fr\/wp-content\/uploads\/2025\/10\/ChatGPT-Image-2-oct.-2025-19_33_26.png",533,800,false]},"_links":{"self":[{"href":"https:\/\/www.naturesaran.fr\/index.php\/wp-json\/wp\/v2\/posts\/1295","targetHints":{"allow":["GET"]}}],"collection":[{"href":"https:\/\/www.naturesaran.fr\/index.php\/wp-json\/wp\/v2\/posts"}],"about":[{"href":"https:\/\/www.naturesaran.fr\/index.php\/wp-json\/wp\/v2\/types\/post"}],"author":[{"embeddable":true,"href":"https:\/\/www.naturesaran.fr\/index.php\/wp-json\/wp\/v2\/users\/1"}],"replies":[{"embeddable":true,"href":"https:\/\/www.naturesaran.fr\/index.php\/wp-json\/wp\/v2\/comments?post=1295"}],"version-history":[{"count":1,"href":"https:\/\/www.naturesaran.fr\/index.php\/wp-json\/wp\/v2\/posts\/1295\/revisions"}],"predecessor-version":[{"id":1297,"href":"https:\/\/www.naturesaran.fr\/index.php\/wp-json\/wp\/v2\/posts\/1295\/revisions\/1297"}],"wp:featuredmedia":[{"embeddable":true,"href":"https:\/\/www.naturesaran.fr\/index.php\/wp-json\/wp\/v2\/media\/1296"}],"wp:attachment":[{"href":"https:\/\/www.naturesaran.fr\/index.php\/wp-json\/wp\/v2\/media?parent=1295"}],"wp:term":[{"taxonomy":"category","embeddable":true,"href":"https:\/\/www.naturesaran.fr\/index.php\/wp-json\/wp\/v2\/categories?post=1295"},{"taxonomy":"post_tag","embeddable":true,"href":"https:\/\/www.naturesaran.fr\/index.php\/wp-json\/wp\/v2\/tags?post=1295"}],"curies":[{"name":"wp","href":"https:\/\/api.w.org\/{rel}","templated":true}]}}