{"id":1176,"date":"2024-01-30T07:00:00","date_gmt":"2024-01-30T06:00:00","guid":{"rendered":"https:\/\/www.naturesaran.fr\/?p=1176"},"modified":"2024-02-03T08:24:15","modified_gmt":"2024-02-03T07:24:15","slug":"lengoulevent-deurope","status":"publish","type":"post","link":"https:\/\/www.naturesaran.fr\/index.php\/2024\/01\/30\/lengoulevent-deurope\/","title":{"rendered":"L&rsquo;engoulevent d&rsquo;Europe"},"content":{"rendered":"\t\t<div data-elementor-type=\"wp-post\" data-elementor-id=\"1176\" class=\"elementor elementor-1176\">\n\t\t\t\t\t\t<section class=\"elementor-section elementor-top-section elementor-element elementor-element-a19c666 elementor-section-boxed elementor-section-height-default elementor-section-height-default\" data-id=\"a19c666\" data-element_type=\"section\" data-e-type=\"section\">\n\t\t\t\t\t\t<div class=\"elementor-container elementor-column-gap-default\">\n\t\t\t\t\t<div class=\"elementor-column elementor-col-100 elementor-top-column elementor-element elementor-element-e549f95\" data-id=\"e549f95\" data-element_type=\"column\" data-e-type=\"column\">\n\t\t\t<div class=\"elementor-widget-wrap elementor-element-populated\">\n\t\t\t\t\t\t<div class=\"elementor-element elementor-element-9c3726f elementor-widget elementor-widget-text-editor\" data-id=\"9c3726f\" data-element_type=\"widget\" data-e-type=\"widget\" data-widget_type=\"text-editor.default\">\n\t\t\t\t<div class=\"elementor-widget-container\">\n\t\t\t\t\t\t\t\t\t<p>L\u2019Engoulevent est en g\u00e9n\u00e9ral peu connu.<\/p><p>Pour apprendre \u00e0 mieux conna\u00eetre cet oiseau, des photographes animaliers ont\u00a0<span style=\"color: var( --e-global-color-text ); font-family: var( --e-global-typography-text-font-family ), Sans-serif; font-weight: var( --e-global-typography-text-font-weight ); letter-spacing: 0px;\">r\u00e9ussi l\u2019exploit de surprendre cet oiseau migrateur, nocturne, myst\u00e9rieux, actif\u00a0<\/span><span style=\"color: var( --e-global-color-text ); font-family: var( --e-global-typography-text-font-family ), Sans-serif; font-weight: var( --e-global-typography-text-font-weight ); letter-spacing: 0px;\">principalement \u00e0 l\u2019aube et au cr\u00e9puscule.<\/span><\/p><p>Son plumage cryptique lui assure un camouflage tr\u00e8s efficace dans la journ\u00e9e.<\/p><p>Gr\u00e2ce \u00e0 leur pers\u00e9v\u00e9rance et leur \u00e9rudition, ces photographes nous pr\u00e9sentent\u00a0<span style=\"color: var( --e-global-color-text ); font-family: var( --e-global-typography-text-font-family ), Sans-serif; font-weight: var( --e-global-typography-text-font-weight ); letter-spacing: 0px;\">quelques beaux clich\u00e9s particuli\u00e8rement difficiles \u00e0 obtenir.<\/span><\/p>\t\t\t\t\t\t\t\t<\/div>\n\t\t\t\t<\/div>\n\t\t\t\t\t<\/div>\n\t\t<\/div>\n\t\t\t\t\t<\/div>\n\t\t<\/section>\n\t\t\t\t<section class=\"elementor-section elementor-top-section elementor-element elementor-element-32f1345 elementor-section-boxed elementor-section-height-default elementor-section-height-default\" data-id=\"32f1345\" data-element_type=\"section\" data-e-type=\"section\">\n\t\t\t\t\t\t<div class=\"elementor-container elementor-column-gap-default\">\n\t\t\t\t\t<div class=\"elementor-column elementor-col-100 elementor-top-column elementor-element elementor-element-4eb26c3\" data-id=\"4eb26c3\" data-element_type=\"column\" data-e-type=\"column\">\n\t\t\t<div class=\"elementor-widget-wrap elementor-element-populated\">\n\t\t\t\t\t\t<div class=\"elementor-element elementor-element-10cea3b elementor-align-center elementor-widget elementor-widget-button\" data-id=\"10cea3b\" data-element_type=\"widget\" data-e-type=\"widget\" data-widget_type=\"button.default\">\n\t\t\t\t<div class=\"elementor-widget-container\">\n\t\t\t\t\t\t\t\t\t<div class=\"elementor-button-wrapper\">\n\t\t\t\t\t<a class=\"elementor-button elementor-button-link elementor-size-md\" href=\"https:\/\/www.naturesaran.fr\/wp-content\/uploads\/2024\/02\/Engoulevent.pdf\" target=\"_blank\">\n\t\t\t\t\t\t<span class=\"elementor-button-content-wrapper\">\n\t\t\t\t\t\t\t\t\t<span class=\"elementor-button-text\">Cliquez ici<\/span>\n\t\t\t\t\t<\/span>\n\t\t\t\t\t<\/a>\n\t\t\t\t<\/div>\n\t\t\t\t\t\t\t\t<\/div>\n\t\t\t\t<\/div>\n\t\t\t\t\t<\/div>\n\t\t<\/div>\n\t\t\t\t\t<\/div>\n\t\t<\/section>\n\t\t\t\t<\/div>\n\t\t","protected":false},"excerpt":{"rendered":"<p>L\u2019Engoulevent est en g\u00e9n\u00e9ral peu connu.<br \/>\nPour apprendre \u00e0 mieux conna\u00eetre cet oiseau, des photographes animaliers ont<br \/>\nr\u00e9ussi l\u2019exploit de surprendre cet oiseau migrateur, nocturne, myst\u00e9rieux, actif<br \/>\nprincipalement \u00e0 l\u2019aube et au cr\u00e9puscule.<br \/>\nSon plumage cryptique lui assure un camouflage tr\u00e8s efficace dans la journ\u00e9e.<br \/>\nGr\u00e2ce \u00e0 leur pers\u00e9v\u00e9rance et leur \u00e9rudition, ces photographes nous pr\u00e9sentent<br \/>\nquelques beaux clich\u00e9s particuli\u00e8rement difficiles \u00e0 obtenir.<\/p>\n","protected":false},"author":1,"featured_media":1173,"comment_status":"open","ping_status":"open","sticky":false,"template":"","format":"standard","meta":{"_jetpack_memberships_contains_paid_content":false,"footnotes":""},"categories":[5,13,14],"tags":[25,11,38],"class_list":["post-1176","post","type-post","status-publish","format-standard","has-post-thumbnail","hentry","category-association","category-biodiversite","category-ornithologie","tag-biodiversite","tag-nature-saran","tag-ornithologie"],"yoast_head":"<!-- This site is optimized with the Yoast SEO plugin v27.5 - https:\/\/yoast.com\/product\/yoast-seo-wordpress\/ -->\n<title>L&#039;engoulevent d&#039;Europe - Association Nature Saran<\/title>\n<meta name=\"description\" content=\"%\" \/>\n<meta name=\"robots\" content=\"index, follow, max-snippet:-1, max-image-preview:large, max-video-preview:-1\" \/>\n<link rel=\"canonical\" href=\"https:\/\/www.naturesaran.fr\/index.php\/2024\/01\/30\/lengoulevent-deurope\/\" \/>\n<meta property=\"og:locale\" content=\"fr_FR\" \/>\n<meta property=\"og:type\" content=\"article\" \/>\n<meta property=\"og:title\" content=\"L&#039;engoulevent d&#039;Europe - Association Nature Saran\" \/>\n<meta property=\"og:description\" content=\"%\" \/>\n<meta property=\"og:url\" content=\"https:\/\/www.naturesaran.fr\/index.php\/2024\/01\/30\/lengoulevent-deurope\/\" \/>\n<meta property=\"og:site_name\" content=\"Association Nature Saran\" \/>\n<meta property=\"article:publisher\" content=\"https:\/\/fr-fr.facebook.com\/NatureSaran\/\" \/>\n<meta property=\"article:published_time\" content=\"2024-01-30T06:00:00+00:00\" \/>\n<meta property=\"article:modified_time\" content=\"2024-02-03T07:24:15+00:00\" \/>\n<meta property=\"og:image\" content=\"https:\/\/www.naturesaran.fr\/wp-content\/uploads\/2024\/01\/engoulevent.jpg\" \/>\n\t<meta property=\"og:image:width\" content=\"1387\" \/>\n\t<meta property=\"og:image:height\" content=\"720\" \/>\n\t<meta property=\"og:image:type\" content=\"image\/jpeg\" \/>\n<meta name=\"author\" content=\"Association Nature Saran\" \/>\n<meta name=\"twitter:card\" content=\"summary_large_image\" \/>\n<meta name=\"twitter:label1\" content=\"\u00c9crit par\" \/>\n\t<meta name=\"twitter:data1\" content=\"Association Nature Saran\" \/>\n<script type=\"application\/ld+json\" class=\"yoast-schema-graph\">{\"@context\":\"https:\\\/\\\/schema.org\",\"@graph\":[{\"@type\":\"Article\",\"@id\":\"https:\\\/\\\/www.naturesaran.fr\\\/index.php\\\/2024\\\/01\\\/30\\\/lengoulevent-deurope\\\/#article\",\"isPartOf\":{\"@id\":\"https:\\\/\\\/www.naturesaran.fr\\\/index.php\\\/2024\\\/01\\\/30\\\/lengoulevent-deurope\\\/\"},\"author\":{\"name\":\"Association Nature Saran\",\"@id\":\"https:\\\/\\\/www.naturesaran.fr\\\/#\\\/schema\\\/person\\\/b564daa361b1b48f7565bd2502508c87\"},\"headline\":\"L&rsquo;engoulevent d&rsquo;Europe\",\"datePublished\":\"2024-01-30T06:00:00+00:00\",\"dateModified\":\"2024-02-03T07:24:15+00:00\",\"mainEntityOfPage\":{\"@id\":\"https:\\\/\\\/www.naturesaran.fr\\\/index.php\\\/2024\\\/01\\\/30\\\/lengoulevent-deurope\\\/\"},\"wordCount\":80,\"commentCount\":0,\"publisher\":{\"@id\":\"https:\\\/\\\/www.naturesaran.fr\\\/#organization\"},\"image\":{\"@id\":\"https:\\\/\\\/www.naturesaran.fr\\\/index.php\\\/2024\\\/01\\\/30\\\/lengoulevent-deurope\\\/#primaryimage\"},\"thumbnailUrl\":\"https:\\\/\\\/www.naturesaran.fr\\\/wp-content\\\/uploads\\\/2024\\\/01\\\/engoulevent.jpg\",\"keywords\":[\"biodiversit\u00e9\",\"nature saran\",\"ornithologie\"],\"articleSection\":[\"Association\",\"biodiversit\u00e9\",\"ornithologie\"],\"inLanguage\":\"fr-FR\",\"potentialAction\":[{\"@type\":\"CommentAction\",\"name\":\"Comment\",\"target\":[\"https:\\\/\\\/www.naturesaran.fr\\\/index.php\\\/2024\\\/01\\\/30\\\/lengoulevent-deurope\\\/#respond\"]}]},{\"@type\":\"WebPage\",\"@id\":\"https:\\\/\\\/www.naturesaran.fr\\\/index.php\\\/2024\\\/01\\\/30\\\/lengoulevent-deurope\\\/\",\"url\":\"https:\\\/\\\/www.naturesaran.fr\\\/index.php\\\/2024\\\/01\\\/30\\\/lengoulevent-deurope\\\/\",\"name\":\"L'engoulevent d'Europe - Association Nature Saran\",\"isPartOf\":{\"@id\":\"https:\\\/\\\/www.naturesaran.fr\\\/#website\"},\"primaryImageOfPage\":{\"@id\":\"https:\\\/\\\/www.naturesaran.fr\\\/index.php\\\/2024\\\/01\\\/30\\\/lengoulevent-deurope\\\/#primaryimage\"},\"image\":{\"@id\":\"https:\\\/\\\/www.naturesaran.fr\\\/index.php\\\/2024\\\/01\\\/30\\\/lengoulevent-deurope\\\/#primaryimage\"},\"thumbnailUrl\":\"https:\\\/\\\/www.naturesaran.fr\\\/wp-content\\\/uploads\\\/2024\\\/01\\\/engoulevent.jpg\",\"datePublished\":\"2024-01-30T06:00:00+00:00\",\"dateModified\":\"2024-02-03T07:24:15+00:00\",\"description\":\"%\",\"breadcrumb\":{\"@id\":\"https:\\\/\\\/www.naturesaran.fr\\\/index.php\\\/2024\\\/01\\\/30\\\/lengoulevent-deurope\\\/#breadcrumb\"},\"inLanguage\":\"fr-FR\",\"potentialAction\":[{\"@type\":\"ReadAction\",\"target\":[\"https:\\\/\\\/www.naturesaran.fr\\\/index.php\\\/2024\\\/01\\\/30\\\/lengoulevent-deurope\\\/\"]}]},{\"@type\":\"ImageObject\",\"inLanguage\":\"fr-FR\",\"@id\":\"https:\\\/\\\/www.naturesaran.fr\\\/index.php\\\/2024\\\/01\\\/30\\\/lengoulevent-deurope\\\/#primaryimage\",\"url\":\"https:\\\/\\\/www.naturesaran.fr\\\/wp-content\\\/uploads\\\/2024\\\/01\\\/engoulevent.jpg\",\"contentUrl\":\"https:\\\/\\\/www.naturesaran.fr\\\/wp-content\\\/uploads\\\/2024\\\/01\\\/engoulevent.jpg\",\"width\":1387,\"height\":720},{\"@type\":\"BreadcrumbList\",\"@id\":\"https:\\\/\\\/www.naturesaran.fr\\\/index.php\\\/2024\\\/01\\\/30\\\/lengoulevent-deurope\\\/#breadcrumb\",\"itemListElement\":[{\"@type\":\"ListItem\",\"position\":1,\"name\":\"Accueil\",\"item\":\"https:\\\/\\\/www.naturesaran.fr\\\/\"},{\"@type\":\"ListItem\",\"position\":2,\"name\":\"L&rsquo;engoulevent d&rsquo;Europe\"}]},{\"@type\":\"WebSite\",\"@id\":\"https:\\\/\\\/www.naturesaran.fr\\\/#website\",\"url\":\"https:\\\/\\\/www.naturesaran.fr\\\/\",\"name\":\"Association Nature Saran\",\"description\":\"\",\"publisher\":{\"@id\":\"https:\\\/\\\/www.naturesaran.fr\\\/#organization\"},\"potentialAction\":[{\"@type\":\"SearchAction\",\"target\":{\"@type\":\"EntryPoint\",\"urlTemplate\":\"https:\\\/\\\/www.naturesaran.fr\\\/?s={search_term_string}\"},\"query-input\":{\"@type\":\"PropertyValueSpecification\",\"valueRequired\":true,\"valueName\":\"search_term_string\"}}],\"inLanguage\":\"fr-FR\"},{\"@type\":\"Organization\",\"@id\":\"https:\\\/\\\/www.naturesaran.fr\\\/#organization\",\"name\":\"Association Nature Saran\",\"url\":\"https:\\\/\\\/www.naturesaran.fr\\\/\",\"logo\":{\"@type\":\"ImageObject\",\"inLanguage\":\"fr-FR\",\"@id\":\"https:\\\/\\\/www.naturesaran.fr\\\/#\\\/schema\\\/logo\\\/image\\\/\",\"url\":\"https:\\\/\\\/www.naturesaran.fr\\\/wp-content\\\/uploads\\\/2022\\\/04\\\/Association-Nature-Saran_LOGO.png\",\"contentUrl\":\"https:\\\/\\\/www.naturesaran.fr\\\/wp-content\\\/uploads\\\/2022\\\/04\\\/Association-Nature-Saran_LOGO.png\",\"width\":7088,\"height\":5708,\"caption\":\"Association Nature Saran\"},\"image\":{\"@id\":\"https:\\\/\\\/www.naturesaran.fr\\\/#\\\/schema\\\/logo\\\/image\\\/\"},\"sameAs\":[\"https:\\\/\\\/fr-fr.facebook.com\\\/NatureSaran\\\/\",\"https:\\\/\\\/www.instagram.com\\\/nature.saran\\\/\"]},{\"@type\":\"Person\",\"@id\":\"https:\\\/\\\/www.naturesaran.fr\\\/#\\\/schema\\\/person\\\/b564daa361b1b48f7565bd2502508c87\",\"name\":\"Association Nature Saran\",\"image\":{\"@type\":\"ImageObject\",\"inLanguage\":\"fr-FR\",\"@id\":\"https:\\\/\\\/secure.gravatar.com\\\/avatar\\\/baba212a1668b247903304c2595757a14c3ac1471cf3be425537311cbb3ff82c?s=96&d=mm&r=g\",\"url\":\"https:\\\/\\\/secure.gravatar.com\\\/avatar\\\/baba212a1668b247903304c2595757a14c3ac1471cf3be425537311cbb3ff82c?s=96&d=mm&r=g\",\"contentUrl\":\"https:\\\/\\\/secure.gravatar.com\\\/avatar\\\/baba212a1668b247903304c2595757a14c3ac1471cf3be425537311cbb3ff82c?s=96&d=mm&r=g\",\"caption\":\"Association Nature Saran\"},\"sameAs\":[\"http:\\\/\\\/www.naturesaran.fr\"],\"url\":\"https:\\\/\\\/www.naturesaran.fr\\\/index.php\\\/author\\\/admin5511\\\/\"}]}<\/script>\n<!-- \/ Yoast SEO plugin. -->","yoast_head_json":{"title":"L'engoulevent d'Europe - Association Nature Saran","description":"%","robots":{"index":"index","follow":"follow","max-snippet":"max-snippet:-1","max-image-preview":"max-image-preview:large","max-video-preview":"max-video-preview:-1"},"canonical":"https:\/\/www.naturesaran.fr\/index.php\/2024\/01\/30\/lengoulevent-deurope\/","og_locale":"fr_FR","og_type":"article","og_title":"L'engoulevent d'Europe - Association Nature Saran","og_description":"%","og_url":"https:\/\/www.naturesaran.fr\/index.php\/2024\/01\/30\/lengoulevent-deurope\/","og_site_name":"Association Nature Saran","article_publisher":"https:\/\/fr-fr.facebook.com\/NatureSaran\/","article_published_time":"2024-01-30T06:00:00+00:00","article_modified_time":"2024-02-03T07:24:15+00:00","og_image":[{"width":1387,"height":720,"url":"https:\/\/www.naturesaran.fr\/wp-content\/uploads\/2024\/01\/engoulevent.jpg","type":"image\/jpeg"}],"author":"Association Nature Saran","twitter_card":"summary_large_image","twitter_misc":{"\u00c9crit par":"Association Nature Saran"},"schema":{"@context":"https:\/\/schema.org","@graph":[{"@type":"Article","@id":"https:\/\/www.naturesaran.fr\/index.php\/2024\/01\/30\/lengoulevent-deurope\/#article","isPartOf":{"@id":"https:\/\/www.naturesaran.fr\/index.php\/2024\/01\/30\/lengoulevent-deurope\/"},"author":{"name":"Association Nature Saran","@id":"https:\/\/www.naturesaran.fr\/#\/schema\/person\/b564daa361b1b48f7565bd2502508c87"},"headline":"L&rsquo;engoulevent d&rsquo;Europe","datePublished":"2024-01-30T06:00:00+00:00","dateModified":"2024-02-03T07:24:15+00:00","mainEntityOfPage":{"@id":"https:\/\/www.naturesaran.fr\/index.php\/2024\/01\/30\/lengoulevent-deurope\/"},"wordCount":80,"commentCount":0,"publisher":{"@id":"https:\/\/www.naturesaran.fr\/#organization"},"image":{"@id":"https:\/\/www.naturesaran.fr\/index.php\/2024\/01\/30\/lengoulevent-deurope\/#primaryimage"},"thumbnailUrl":"https:\/\/www.naturesaran.fr\/wp-content\/uploads\/2024\/01\/engoulevent.jpg","keywords":["biodiversit\u00e9","nature saran","ornithologie"],"articleSection":["Association","biodiversit\u00e9","ornithologie"],"inLanguage":"fr-FR","potentialAction":[{"@type":"CommentAction","name":"Comment","target":["https:\/\/www.naturesaran.fr\/index.php\/2024\/01\/30\/lengoulevent-deurope\/#respond"]}]},{"@type":"WebPage","@id":"https:\/\/www.naturesaran.fr\/index.php\/2024\/01\/30\/lengoulevent-deurope\/","url":"https:\/\/www.naturesaran.fr\/index.php\/2024\/01\/30\/lengoulevent-deurope\/","name":"L'engoulevent d'Europe - Association Nature Saran","isPartOf":{"@id":"https:\/\/www.naturesaran.fr\/#website"},"primaryImageOfPage":{"@id":"https:\/\/www.naturesaran.fr\/index.php\/2024\/01\/30\/lengoulevent-deurope\/#primaryimage"},"image":{"@id":"https:\/\/www.naturesaran.fr\/index.php\/2024\/01\/30\/lengoulevent-deurope\/#primaryimage"},"thumbnailUrl":"https:\/\/www.naturesaran.fr\/wp-content\/uploads\/2024\/01\/engoulevent.jpg","datePublished":"2024-01-30T06:00:00+00:00","dateModified":"2024-02-03T07:24:15+00:00","description":"%","breadcrumb":{"@id":"https:\/\/www.naturesaran.fr\/index.php\/2024\/01\/30\/lengoulevent-deurope\/#breadcrumb"},"inLanguage":"fr-FR","potentialAction":[{"@type":"ReadAction","target":["https:\/\/www.naturesaran.fr\/index.php\/2024\/01\/30\/lengoulevent-deurope\/"]}]},{"@type":"ImageObject","inLanguage":"fr-FR","@id":"https:\/\/www.naturesaran.fr\/index.php\/2024\/01\/30\/lengoulevent-deurope\/#primaryimage","url":"https:\/\/www.naturesaran.fr\/wp-content\/uploads\/2024\/01\/engoulevent.jpg","contentUrl":"https:\/\/www.naturesaran.fr\/wp-content\/uploads\/2024\/01\/engoulevent.jpg","width":1387,"height":720},{"@type":"BreadcrumbList","@id":"https:\/\/www.naturesaran.fr\/index.php\/2024\/01\/30\/lengoulevent-deurope\/#breadcrumb","itemListElement":[{"@type":"ListItem","position":1,"name":"Accueil","item":"https:\/\/www.naturesaran.fr\/"},{"@type":"ListItem","position":2,"name":"L&rsquo;engoulevent d&rsquo;Europe"}]},{"@type":"WebSite","@id":"https:\/\/www.naturesaran.fr\/#website","url":"https:\/\/www.naturesaran.fr\/","name":"Association Nature Saran","description":"","publisher":{"@id":"https:\/\/www.naturesaran.fr\/#organization"},"potentialAction":[{"@type":"SearchAction","target":{"@type":"EntryPoint","urlTemplate":"https:\/\/www.naturesaran.fr\/?s={search_term_string}"},"query-input":{"@type":"PropertyValueSpecification","valueRequired":true,"valueName":"search_term_string"}}],"inLanguage":"fr-FR"},{"@type":"Organization","@id":"https:\/\/www.naturesaran.fr\/#organization","name":"Association Nature Saran","url":"https:\/\/www.naturesaran.fr\/","logo":{"@type":"ImageObject","inLanguage":"fr-FR","@id":"https:\/\/www.naturesaran.fr\/#\/schema\/logo\/image\/","url":"https:\/\/www.naturesaran.fr\/wp-content\/uploads\/2022\/04\/Association-Nature-Saran_LOGO.png","contentUrl":"https:\/\/www.naturesaran.fr\/wp-content\/uploads\/2022\/04\/Association-Nature-Saran_LOGO.png","width":7088,"height":5708,"caption":"Association Nature Saran"},"image":{"@id":"https:\/\/www.naturesaran.fr\/#\/schema\/logo\/image\/"},"sameAs":["https:\/\/fr-fr.facebook.com\/NatureSaran\/","https:\/\/www.instagram.com\/nature.saran\/"]},{"@type":"Person","@id":"https:\/\/www.naturesaran.fr\/#\/schema\/person\/b564daa361b1b48f7565bd2502508c87","name":"Association Nature Saran","image":{"@type":"ImageObject","inLanguage":"fr-FR","@id":"https:\/\/secure.gravatar.com\/avatar\/baba212a1668b247903304c2595757a14c3ac1471cf3be425537311cbb3ff82c?s=96&d=mm&r=g","url":"https:\/\/secure.gravatar.com\/avatar\/baba212a1668b247903304c2595757a14c3ac1471cf3be425537311cbb3ff82c?s=96&d=mm&r=g","contentUrl":"https:\/\/secure.gravatar.com\/avatar\/baba212a1668b247903304c2595757a14c3ac1471cf3be425537311cbb3ff82c?s=96&d=mm&r=g","caption":"Association Nature Saran"},"sameAs":["http:\/\/www.naturesaran.fr"],"url":"https:\/\/www.naturesaran.fr\/index.php\/author\/admin5511\/"}]}},"jetpack_featured_media_url":"https:\/\/www.naturesaran.fr\/wp-content\/uploads\/2024\/01\/engoulevent.jpg","jetpack_sharing_enabled":true,"featured_media_urls":{"thumbnail":["https:\/\/www.naturesaran.fr\/wp-content\/uploads\/2024\/01\/engoulevent-150x150.jpg",150,150,true],"medium":["https:\/\/www.naturesaran.fr\/wp-content\/uploads\/2024\/01\/engoulevent-300x156.jpg",300,156,true],"medium_large":["https:\/\/www.naturesaran.fr\/wp-content\/uploads\/2024\/01\/engoulevent-768x399.jpg",768,399,true],"large":["https:\/\/www.naturesaran.fr\/wp-content\/uploads\/2024\/01\/engoulevent-1024x532.jpg",960,499,true],"1536x1536":["https:\/\/www.naturesaran.fr\/wp-content\/uploads\/2024\/01\/engoulevent.jpg",1387,720,false],"2048x2048":["https:\/\/www.naturesaran.fr\/wp-content\/uploads\/2024\/01\/engoulevent.jpg",1387,720,false],"bard-slider-full-thumbnail":["https:\/\/www.naturesaran.fr\/wp-content\/uploads\/2024\/01\/engoulevent-1080x540.jpg",1080,540,true],"bard-full-thumbnail":["https:\/\/www.naturesaran.fr\/wp-content\/uploads\/2024\/01\/engoulevent-1140x592.jpg",1140,592,true],"bard-grid-thumbnail":["https:\/\/www.naturesaran.fr\/wp-content\/uploads\/2024\/01\/engoulevent-500x380.jpg",500,380,true],"bard-list-thumbnail":["https:\/\/www.naturesaran.fr\/wp-content\/uploads\/2024\/01\/engoulevent-300x300.jpg",300,300,true],"bard-single-navigation":["https:\/\/www.naturesaran.fr\/wp-content\/uploads\/2024\/01\/engoulevent-75x75.jpg",75,75,true],"portfolio_item-thumbnail":["https:\/\/www.naturesaran.fr\/wp-content\/uploads\/2024\/01\/engoulevent-600x400.jpg",600,400,true],"portfolio_item-thumbnail@2x":["https:\/\/www.naturesaran.fr\/wp-content\/uploads\/2024\/01\/engoulevent-1200x720.jpg",1200,720,true],"portfolio_item-masonry":["https:\/\/www.naturesaran.fr\/wp-content\/uploads\/2024\/01\/engoulevent-600x311.jpg",600,311,true],"portfolio_item-masonry@2x":["https:\/\/www.naturesaran.fr\/wp-content\/uploads\/2024\/01\/engoulevent-1200x623.jpg",1200,623,true],"portfolio_item-thumbnail_cinema":["https:\/\/www.naturesaran.fr\/wp-content\/uploads\/2024\/01\/engoulevent-800x335.jpg",800,335,true],"portfolio_item-thumbnail_portrait":["https:\/\/www.naturesaran.fr\/wp-content\/uploads\/2024\/01\/engoulevent-600x720.jpg",600,720,true],"portfolio_item-thumbnail_portrait@2x":["https:\/\/www.naturesaran.fr\/wp-content\/uploads\/2024\/01\/engoulevent-1200x720.jpg",1200,720,true],"portfolio_item-thumbnail_square":["https:\/\/www.naturesaran.fr\/wp-content\/uploads\/2024\/01\/engoulevent-800x720.jpg",800,720,true]},"_links":{"self":[{"href":"https:\/\/www.naturesaran.fr\/index.php\/wp-json\/wp\/v2\/posts\/1176","targetHints":{"allow":["GET"]}}],"collection":[{"href":"https:\/\/www.naturesaran.fr\/index.php\/wp-json\/wp\/v2\/posts"}],"about":[{"href":"https:\/\/www.naturesaran.fr\/index.php\/wp-json\/wp\/v2\/types\/post"}],"author":[{"embeddable":true,"href":"https:\/\/www.naturesaran.fr\/index.php\/wp-json\/wp\/v2\/users\/1"}],"replies":[{"embeddable":true,"href":"https:\/\/www.naturesaran.fr\/index.php\/wp-json\/wp\/v2\/comments?post=1176"}],"version-history":[{"count":9,"href":"https:\/\/www.naturesaran.fr\/index.php\/wp-json\/wp\/v2\/posts\/1176\/revisions"}],"predecessor-version":[{"id":1191,"href":"https:\/\/www.naturesaran.fr\/index.php\/wp-json\/wp\/v2\/posts\/1176\/revisions\/1191"}],"wp:featuredmedia":[{"embeddable":true,"href":"https:\/\/www.naturesaran.fr\/index.php\/wp-json\/wp\/v2\/media\/1173"}],"wp:attachment":[{"href":"https:\/\/www.naturesaran.fr\/index.php\/wp-json\/wp\/v2\/media?parent=1176"}],"wp:term":[{"taxonomy":"category","embeddable":true,"href":"https:\/\/www.naturesaran.fr\/index.php\/wp-json\/wp\/v2\/categories?post=1176"},{"taxonomy":"post_tag","embeddable":true,"href":"https:\/\/www.naturesaran.fr\/index.php\/wp-json\/wp\/v2\/tags?post=1176"}],"curies":[{"name":"wp","href":"https:\/\/api.w.org\/{rel}","templated":true}]}}